
{"id":18779,"date":"2026-01-16T12:10:39","date_gmt":"2026-01-16T12:10:39","guid":{"rendered":"https:\/\/bossseo.net\/recaracteriser-le-web-pour-la-marque-strategie-histoire-et-avenir\/"},"modified":"2026-01-16T12:10:39","modified_gmt":"2026-01-16T12:10:39","slug":"das-web-fur-die-marke-neu-charakterisieren-strategie-geschichte-und-zukunft","status":"publish","type":"post","link":"https:\/\/bossseo.net\/de\/das-web-fur-die-marke-neu-charakterisieren-strategie-geschichte-und-zukunft\/","title":{"rendered":"Das Web f\u00fcr die Marke neu charakterisieren: Strategie, Geschichte und Zukunft"},"content":{"rendered":"<p><\/p>\n<div itemprop=\"articleBody\">\n<p>In der Geschichte von Webfor ging es immer darum, Herausforderungen zu meistern und Hindernisse in Wachstumschancen zu verwandeln - sowohl f\u00fcr uns selbst als auch f\u00fcr unsere Kunden, die wir zutiefst sch\u00e4tzen. Seit 2009 arbeiten wir mit Unternehmen auf der ganzen Welt zusammen, aber unser Herz war schon immer in unserer lokalen Gemeinschaft verwurzelt. Egal, ob es darum geht, ein Startup zu f\u00fchren oder ein 100-Millionen-Dollar-Unternehmen zu skalieren, <strong>wir haben unseren Ruf dadurch aufgebaut, dass wir Unternehmen in jeder Phase ihres Weges zum Erfolg verhelfen.<\/strong><\/p>\n<h3 class=\"wp-block-heading\">Im Nachhinein ist es unm\u00f6glich, nicht an die unz\u00e4hligen Menschen zu denken, die unseren Weg geformt haben... <\/h3>\n<p>Brillante Unternehmer, innovative Denker und talentierte Marketingfachleute, die alle unsere Geschichte gepr\u00e4gt haben.<\/p>\n<p>Dieses Jahr markiert den Beginn einer neuen \u00c4ra. Eine Reise, die hinter den Kulissen leise an Fahrt aufgenommen hat, ist nun bereit, sich in die L\u00fcfte zu erheben.<\/p>\n<figure class=\"wp-block-image size-large\"><img loading=\"lazy\" decoding=\"async\" width=\"1024\" height=\"544\"  alt=\"Webfor Wings\" class=\"wp-image-18704 lws-optimize-lazyload\"  ><\/figure>\n<h3 class=\"wp-block-heading\">Heute enth\u00fcllen wir eine neue Website und eine aufgefrischte Marke. <\/h3>\n<p>Einer, der unsere Vergangenheit ehrt, unsere \u00c4sthetik sch\u00e4rft und den Weg in die Zukunft ebnet. Nach jahrelanger Vorbereitung strecken sich unsere Fl\u00fcgel nicht nur nach au\u00dfen, sondern entfalten sich mit Macht und Entschlossenheit. Wir kommen aus einem stetigen Aufstieg in den offenen Himmel und umarmen die Freiheit, h\u00f6her als je zuvor zu schweben. Wie ein Vogel, der eine neue Windstr\u00f6mung einf\u00e4ngt, richten wir unseren Blick auf das M\u00f6gliche, in der \u00dcberzeugung, dass die Kraft unserer Geschichte uns in der Zukunft noch weiter tragen wird.<\/p>\n<p>Ohne die Vision unserer Gr\u00fcnder, Jennifer und Kevin Getch, w\u00e4ren wir nicht hier.<strong> Ihr Einfluss pr\u00e4gt weiterhin unsere Identit\u00e4t, unsere Prozesse und unsere Kultur<\/strong>. Denn im Grunde werden Unternehmen nicht durch Logos oder Namen definiert: Sie werden durch Menschen, durch Gemeinschaften und durch die Geschichten, die sie verbinden, definiert.<\/p>\n<figure class=\"wp-block-gallery has-nested-images columns-default is-cropped wp-block-gallery-1 is-layout-flex wp-block-gallery-is-layout-flex\">\n<figure class=\"wp-block-image size-large\"><img loading=\"lazy\" decoding=\"async\" width=\"806\" height=\"1024\" data-id=\"25466\"  alt=\"\" class=\"wp-image-25466 lws-optimize-lazyload\"  ><figcaption class=\"wp-element-caption\">Eigent\u00fcmer<\/figcaption><\/figure>\n<figure class=\"wp-block-image size-large\"><img loading=\"lazy\" decoding=\"async\" width=\"480\" height=\"480\" data-id=\"5823\"  alt=\"K\u00e9vin Getch\" class=\"wp-image-5823 lws-optimize-lazyload\"  ><figcaption class=\"wp-element-caption\">Generaldirektor<\/figcaption><\/figure>\n<\/figure>\n<p>Wir laden Sie ein, zu erforschen, zu lernen und sich mit uns zu verbinden, w\u00e4hrend wir unsere Fl\u00fcgel ausbreiten und den Horizont umarmen, der vor uns liegt.<\/p>\n<p>Nun... kommen wir zur Geschichte...<\/p>\n<h2 class=\"wp-block-heading\">Die Strategie<\/h2>\n<p>Als wir diese Marken\u00e4nderung vornahmen, strebten wir nicht nach einer Ver\u00e4nderung nur um ihrer selbst willen. Wir wollten etwas Zeitloses; eine Identit\u00e4t, die widerspiegelt, wer wir sind, den Ort ehrt, an den wir gegangen sind, und neue Energie dorthin bringt, wo wir hingehen.<\/p>\n<p>Es ging nicht darum, unsere Vergangenheit aufzugeben. Es war <strong>\u00fcber die Vermittlung von Absicht, Kreativit\u00e4t und Sinn in jeder Phase unserer Entwicklung<\/strong>und sie in ein st\u00e4rkeres und koh\u00e4renteres Ganzes einbindet.<\/p>\n<p>Die letzte Aktualisierung vor \u00fcber zehn Jahren wurde von Wes Button, einem talentierten Kreativen aus der Gegend von Portland, geleitet. Bei dieser Aktualisierung wurde unsere Farbpalette erweitert, unsere visuelle Sprache strukturiert und die k\u00fchne Einfachheit des Buchstabens beibehalten. <em>W<\/em>. Das war ein bedeutender Schritt nach vorn und wurde zum Eckpfeiler unserer Marke.<\/p>\n<figure class=\"wp-block-image size-large\"><img loading=\"lazy\" decoding=\"async\" width=\"1024\" height=\"490\"  alt=\"Webfor Markenpr\u00e4sentationen\" class=\"wp-image-5059 lws-optimize-lazyload\"  ><\/figure>\n<p>Heute, zehn Jahre sp\u00e4ter, waren wir bereit, einen neuen Schritt zu tun, einen Schritt, der sowohl unsere Geschichte respektieren als auch unsere Zukunft neu definieren w\u00fcrde.<\/p>\n<p>Die Farbe ist die Seele einer Marke. Sie kommuniziert, noch bevor die Worte gelesen oder ausgesprochen werden.<\/p>\n<p>Bei unserer letzten Aktualisierung war uns klar, dass die Farbe Violett wiederkehren sollte. Der Farbton hatte uns einst ausgezeichnet, uns W\u00e4rme und Distinktion verliehen, aber wir hatten uns bei einem Identit\u00e4tswechsel von ihm entfernt. Ihn zur\u00fcckzubringen war, als w\u00fcrden wir einen Teil von uns selbst zur\u00fcckerhalten. Ein Signal, dass wir keine Angst davor hatten, uns abzugrenzen, bei Bedarf zu mildern und Energie und Kreativit\u00e4t voranzutreiben.<\/p>\n<p><strong>Die Wahl war einfach. Die Symbolik jedoch war alles andere als das.<\/strong><\/p>\n<div class=\"wp-block-columns is-layout-flex wp-container-core-columns-is-layout-9d6595d7 wp-block-columns-is-layout-flex\">\n<div class=\"wp-block-column is-layout-flow wp-block-column-is-layout-flow\">\n<figure class=\"wp-block-image size-large\"><img loading=\"lazy\" decoding=\"async\" width=\"1024\" height=\"1024\"  alt=\"\" class=\"wp-image-26158 lws-optimize-lazyload\"  ><\/figure>\n<\/div>\n<div class=\"wp-block-column is-layout-flow wp-block-column-is-layout-flow\">\n<figure class=\"wp-block-image size-large\"><img loading=\"lazy\" decoding=\"async\" width=\"1024\" height=\"1024\"  alt=\"\" class=\"wp-image-26155 lws-optimize-lazyload\"  ><\/figure>\n<\/div>\n<\/div>\n<div class=\"wp-block-columns is-layout-flex wp-container-core-columns-is-layout-9d6595d7 wp-block-columns-is-layout-flex\">\n<div class=\"wp-block-column is-layout-flow wp-block-column-is-layout-flow\">\n<figure class=\"wp-block-gallery has-nested-images columns-default is-cropped wp-block-gallery-2 is-layout-flex wp-block-gallery-is-layout-flex\">\n<figure class=\"wp-block-image size-large\"><img loading=\"lazy\" decoding=\"async\" width=\"1024\" height=\"1024\" data-id=\"26157\"  alt=\"\" class=\"wp-image-26157 lws-optimize-lazyload\"  ><\/figure>\n<figure class=\"wp-block-image size-large\"><img loading=\"lazy\" decoding=\"async\" width=\"1024\" height=\"1024\" data-id=\"26156\"  alt=\"\" class=\"wp-image-26156 lws-optimize-lazyload\"  ><\/figure>\n<\/figure>\n<\/div>\n<\/div>\n<p>Markenimage ist niemals nur eine Frage des Designs; es ist eine Frage der Vision. Obwohl jede Stimme in unserem Team z\u00e4hlt, haben wir erkannt, dass der klarste Weg nach vorne eine F\u00fchrungspers\u00f6nlichkeit erfordert, die die Vision festigt und sie mit \u00dcberzeugung tr\u00e4gt. Eine Markenauffrischung ist wichtig und betrifft jeden Winkel einer Organisation, von elektronischen Signaturen \u00fcber Visitenkarten bis hin zur eigentlichen Identit\u00e4t, die die Menschen sehen, wenn sie an Sie denken. Es handelt sich nicht um eine Aktualisierung auf Oberfl\u00e4chenebene. Es ist eine tiefgreifende Neudefinition.<\/p>\n<p><strong>Und wir haben diese Verantwortung voll und ganz \u00fcbernommen.<\/strong><\/p>\n<p>Logos tragen Geschichten in sich. Sie sind kleine Marken mit immensem Gewicht. Sie sind visuelle Abk\u00fcrzungen zu ganzen Identit\u00e4ten.<\/p>\n<p>Um zu unserem neuen Kurs zu gelangen, haben wir jeden Schritt auf unserem Weg zur\u00fcckverfolgt. Wir haben die Protokolle fr\u00fcherer strategischer Planungssitzungen ausgewertet, Brainstorming-Notizen durchgesehen und sogar KI eingesetzt, um Jahre von Ideen zu durchforsten. <strong>Davon ausgehend haben wir Leits\u00e4tze erstellt:<\/strong><\/p>\n<ul class=\"wp-block-list\">\n<li>Die Vergangenheit ehren<\/li>\n<li>Die Farbpalette aktualisieren<\/li>\n<li>Eine Geschichte durch Design erz\u00e4hlen<\/li>\n<li>Negativen Raum nutzen<\/li>\n<li>Das \u00abW\u00bb als Anker beibehalten<\/li>\n<li>Stellen Sie sicher, dass die Marke aus eigener Kraft stark bleiben kann<\/li>\n<\/ul>\n<p>Von da an entwarf unser Designteam, bestehend aus Tricia, Wes, Alan und Jason Wright, absichtliche Iterationen. Einige Versionen integrierten verborgene Elemente aus unserer Vergangenheit, wie eine subtile Kartennadel, die an die ersten Logos ankn\u00fcpfte. Andere wandten sich der Abstraktion und gewagten, minimalistischen Designs zu.<\/p>\n<h3 class=\"wp-block-heading\">Wochenlang haben wir getestet, diskutiert und gefeilt. <\/h3>\n<p>Das Team war sich \u00fcber die Richtung uneinig, bis die Farbe in die Gleichung einging. Dann trat Klarheit ein. Mit der Wiedereinf\u00fchrung von Violett erhielt das Design seine Identit\u00e4t zur\u00fcck.<\/p>\n<p>Von den Schwarz-Wei\u00df-Skizzen bis zur polierten Endmarkierung dauerte der Prozess Jahre, nicht aus Z\u00f6gern, sondern aus <strong>weil Spitzenleistungen Zeit brauchen<\/strong>. So wie einige der kultigsten Logos der Welt jahrelang vor sich hin k\u00f6cheln, bevor sie das Licht der Welt erblicken, wurde auch unser Logo wohl\u00fcberlegt geformt.<\/p>\n<p>Diese Iteration enthielt mehrere \u00abversteckte\u00bb Elemente und brachte uns n\u00e4her an etwas Abstrakteres und visuell Unterscheidbares heran.<\/p>\n<figure class=\"wp-block-image size-large\"><img loading=\"lazy\" decoding=\"async\" width=\"1024\" height=\"576\"  alt=\"\" class=\"wp-image-26164 lws-optimize-lazyload\"  ><\/figure>\n<p>Eine Alternative beinhaltete eine versteckte \u00abKartennadel\u00bb. Diese Charakterisierung stammt aus Logo-Iterationen, die vor mehr als zehn Jahren entstanden sind. Diese Version war die n\u00e4chstliegende Alternative zu den Logos aus der Vergangenheit.<\/p>\n<figure class=\"wp-block-image size-large\"><img loading=\"lazy\" decoding=\"async\" width=\"1024\" height=\"576\"  alt=\"\" class=\"wp-image-26165 lws-optimize-lazyload\"  ><\/figure>\n<p>Wie unten beschrieben, haben wir auf der Grundlage der intern erhaltenen R\u00fcckmeldungen weitere Optionen und \u00dcberarbeitungen erkundet.<\/p>\n<figure class=\"wp-block-image size-large\"><img loading=\"lazy\" decoding=\"async\" width=\"791\" height=\"1024\"  alt=\"\" class=\"wp-image-26166 lws-optimize-lazyload\"><\/figure>\n<p>Wir waren zwischen den beiden Symbolen hin- und hergerissen. Die Kommentare innerhalb des Teams waren geteilt, bis wir anfingen, mit den Farboptionen zu spielen, die Sie unten sehen k\u00f6nnen.<\/p>\n<div class=\"wp-block-columns is-layout-flex wp-container-core-columns-is-layout-9d6595d7 wp-block-columns-is-layout-flex\">\n<div class=\"wp-block-column is-layout-flow wp-block-column-is-layout-flow\">\n<figure class=\"wp-block-image size-large\"><img loading=\"lazy\" decoding=\"async\" width=\"791\" height=\"1024\"  alt=\"\" class=\"wp-image-26168 lws-optimize-lazyload\"><\/figure>\n<\/div>\n<div class=\"wp-block-column is-layout-flow wp-block-column-is-layout-flow\">\n<figure class=\"wp-block-image size-large\"><img loading=\"lazy\" decoding=\"async\" width=\"791\" height=\"1024\"  alt=\"\" class=\"wp-image-26167 lws-optimize-lazyload\"><\/figure>\n<\/div>\n<\/div>\n<h3 class=\"wp-block-heading\">Nach einer abschlie\u00dfenden Abstimmung hatten wir unser Logo, und mit Wes' Unterst\u00fctzung haben wir das Logo, das Sie heute sehen, \u00fcberarbeitet, simuliert und verpackt.<\/h3>\n<div class=\"wp-block-columns is-layout-flex wp-container-core-columns-is-layout-9d6595d7 wp-block-columns-is-layout-flex\">\n<div class=\"wp-block-column is-layout-flow wp-block-column-is-layout-flow\">\n<figure class=\"wp-block-image size-full\"><img loading=\"lazy\" decoding=\"async\" width=\"2560\" height=\"1978\"  alt=\"\" class=\"wp-image-26172 lws-optimize-lazyload\"><\/figure>\n<\/div>\n<div class=\"wp-block-column is-layout-flow wp-block-column-is-layout-flow\">\n<figure class=\"wp-block-image size-full\"><img loading=\"lazy\" decoding=\"async\" width=\"2560\" height=\"1978\"  alt=\"\" class=\"wp-image-26170 lws-optimize-lazyload\"><\/figure>\n<\/div>\n<\/div>\n<div class=\"wp-block-columns is-layout-flex wp-container-core-columns-is-layout-9d6595d7 wp-block-columns-is-layout-flex\">\n<div class=\"wp-block-column is-layout-flow wp-block-column-is-layout-flow\">\n<figure class=\"wp-block-image size-large\"><img loading=\"lazy\" decoding=\"async\" width=\"1024\" height=\"791\"  alt=\"\" class=\"wp-image-26171 lws-optimize-lazyload\"  ><\/figure>\n<\/div>\n<div class=\"wp-block-column is-layout-flow wp-block-column-is-layout-flow\">\n<figure class=\"wp-block-image size-large\"><img loading=\"lazy\" decoding=\"async\" width=\"1024\" height=\"791\"  alt=\"\" class=\"wp-image-26169 lws-optimize-lazyload\"  ><\/figure>\n<\/div>\n<\/div>\n<p>Allein der Logoprozess hat mehrere Jahre in Anspruch genommen. Auch wenn wir uns nicht st\u00e4ndig auf die Erstellung dieses aktualisierten Markenbildes konzentriert haben, ist es entscheidend zu wissen, dass gut Ding Weile braucht und dass einige der ber\u00fchmtesten Marken der Welt jahrelang erdacht wurden, bevor ein Bleistift das Papier ber\u00fchrte.<\/p>\n<p>Mit festgelegten Farben und einem fertigen Logo war es an der Zeit, die Website zu erstellen.<\/p>\n<p>Nachdem wir das Logo und die Farben festgelegt hatten, wandten wir uns unserem digitalen Zuhause, der Website, zu.<\/p>\n<p>Was Sie heute sehen, ist das Produkt einer kollektiven Anstrengung: zwei Inhaltsschreiber, drei Designer, ein Senior-Entwickler, ein Stratege, ein Projektmanager und ein hochqualifizierter SEO-Taktiker.<strong> Gemeinsam hat dieses Team die Vision in die Realit\u00e4t umgesetzt.<\/strong><\/p>\n<p>Mehr als 50 Inhaltsseiten wurden neu gestaltet. Die Navigation wurde gestrafft, um modernen Erwartungen gerecht zu werden. Es wurden personalisierte Layouts erstellt, um unsere Dienstleistungen hervorzuheben, unsere Kreativit\u00e4t zu betonen und den Besuchern eine intuitive Erfahrung zu bieten.<\/p>\n<p>Hier sind einige der personalisierten Layouts, die wir entworfen haben...<\/p>\n<div class=\"wp-block-columns is-layout-flex wp-container-core-columns-is-layout-9d6595d7 wp-block-columns-is-layout-flex\">\n<div class=\"wp-block-column is-layout-flow wp-block-column-is-layout-flow\">\n<figure class=\"wp-block-image size-large\"><img loading=\"lazy\" decoding=\"async\" width=\"238\" height=\"1024\"  alt=\"\" class=\"wp-image-26175 lws-optimize-lazyload\"  ><\/figure>\n<\/div>\n<div class=\"wp-block-column is-layout-flow wp-block-column-is-layout-flow\">\n<figure class=\"wp-block-image size-large\"><img loading=\"lazy\" decoding=\"async\" width=\"293\" height=\"1024\"  alt=\"\" class=\"wp-image-26176 lws-optimize-lazyload\"  ><\/figure>\n<\/div>\n<\/div>\n<p>Die Website spiegelt nicht nur wider, wer wir sind, sondern auch, wie wir arbeiten: innovativ, kollaborativ und engagiert in Form und Funktion. Und das ist erst der Anfang. Im Laufe der Zeit werden wir weiter verfeinern, hinzuf\u00fcgen und optimieren und dabei sicherstellen, dass die Seite an unserer Seite w\u00e4chst.<\/p>\n<p>Diese Reise war lang, durchdacht und zutiefst bereichernd. Was als Idee begann, wurde zu einer umfassenden Neuqualifizierung dessen, wer wir sind. Eine Identit\u00e4t, die Erbe und Entwicklung, Kreativit\u00e4t und Klarheit sowie Vision und Ausf\u00fchrung in ein Gleichgewicht bringt.<\/p>\n<p>W\u00e4hrend wir auf das n\u00e4chste Jahrzehnt blicken, behalten wir die Lektionen der Vergangenheit, den Schwung der Gegenwart und das unbegrenzte Potenzial der Zukunft bei uns.<\/p>\n<h3 class=\"wp-block-heading\">Unsere Fl\u00fcgel breiten sich nicht mehr nur aus; sie heben uns zu neuen H\u00f6hen. <\/h3>\n<p>Und w\u00e4hrend wir Fortschritte machen, bleiben wir in dem verankert, was am wichtigsten ist: sinnvolle Ergebnisse zu erzielen, unsere Kunden zu unterst\u00fctzen und die Gemeinschaften, denen wir dienen, zu st\u00e4rken.<\/p>\n<p>Wir laden Sie ein, sich uns auf dieser Reise anzuschlie\u00dfen. <strong>Die Geschichte von Webfor war schon immer viel mehr als wir.<\/strong> Es geht um die Menschen, denen wir dienen, um die Ideen, die wir zum Leben erwecken, und um die gemeinsame \u00dcberzeugung, dass gro\u00dfe Dinge immer m\u00f6glich sind.<\/p>\n<figure class=\"wp-block-image size-large\"><img loading=\"lazy\" decoding=\"async\" width=\"1024\" height=\"683\"  alt=\"\" class=\"wp-image-26190 lws-optimize-lazyload\"  ><\/figure>\n<p>Vielen Dank, dass Sie sich die Zeit genommen haben, mehr \u00fcber unsere sich st\u00e4ndig weiterentwickelnde Mission zu erfahren.<\/p>\n<div class=\"_author-byline\">\n<div class=\"author-byline__avatar\">\n              <img loading=\"lazy\" alt=\"Jason Wright\"  class=\"avatar avatar-120 photo lws-optimize-lazyload\" width=\"120\" height=\"120\" decoding=\"async\">\n          <\/div>\n<div class=\"author-byline__content\">\n<div class=\"author-byline__bio\">\n<p class=\"-small\">Mein Name ist Jason Wright und ich bin Pr\u00e4sident und Kreativdirektor bei Webfor. Meine Karriere begann im Jahr 2006. W\u00e4hrend meiner Zeit in der Branche habe ich mit einigen der gr\u00f6\u00dften K\u00f6pfe und Unternehmen der Welt zusammengearbeitet, darunter...<\/p>\n<\/p><\/div>\n<\/p><\/div>\n<\/p><\/div>\n<\/p><\/div>\n<p><script>\n!function(f,b,e,v,n,t,s)\n{if(f.fbq)return;n=f.fbq=function(){n.callMethod?\nn.callMethod.apply(n,arguments):n.queue.push(arguments)};\nif(!f._fbq)f._fbq=n;n.push=n;n.loaded=!0;n.version='2.0';\nn.queue=();t=b.createElement(e);t.async=!0;\nt.src=v;s=b.getElementsByTagName(e)(0);\ns.parentNode.insertBefore(t,s)}(window, document,'script',\n'https:\/\/connect.facebook.net\/en_US\/fbevents.js');\nfbq('init', '462423407252824');\nfbq('track', 'PageView');\n<\/script><script>\nwindow.fbAsyncInit = function() {\nFB.init({\nxfbml : true,\nversion : 'v3.2'\n});\n};\n(function(d, s, id) {\nvar js, fjs = d.getElementsByTagName(s)(0);\nif (d.getElementById(id)) return;\njs = d.createElement(s); js.id = id;\njs.src=\"https:\/\/connect.facebook.net\/en_US\/sdk\/xfbml.customerchat.js\";\njs.defer = true;\nfjs.parentNode.insertBefore(js, fjs);\n}(document, 'script', 'facebook-jssdk'));<\/script><\/p>","protected":false},"excerpt":{"rendered":"<p>L&rsquo;histoire de Webfor a toujours \u00e9t\u00e9 celle de surmonter les d\u00e9fis et de transformer les obstacles en opportunit\u00e9s de croissance, tant pour nous-m\u00eames que pour les clients que nous appr\u00e9cions profond\u00e9ment. Depuis 2009, nous collaborons avec des entreprises du monde entier, mais notre c\u0153ur a toujours \u00e9t\u00e9 enracin\u00e9 dans notre communaut\u00e9 locale. Qu&rsquo;il s&rsquo;agisse de [&hellip;]<\/p>","protected":false},"author":2,"featured_media":18780,"comment_status":"open","ping_status":"open","sticky":false,"template":"","format":"standard","meta":{"_acf_changed":false,"footnotes":""},"categories":[2],"tags":[],"class_list":["post-18779","post","type-post","status-publish","format-standard","has-post-thumbnail","hentry","category-agency"],"acf":[],"_links":{"self":[{"href":"https:\/\/bossseo.net\/de\/wp-json\/wp\/v2\/posts\/18779","targetHints":{"allow":["GET"]}}],"collection":[{"href":"https:\/\/bossseo.net\/de\/wp-json\/wp\/v2\/posts"}],"about":[{"href":"https:\/\/bossseo.net\/de\/wp-json\/wp\/v2\/types\/post"}],"author":[{"embeddable":true,"href":"https:\/\/bossseo.net\/de\/wp-json\/wp\/v2\/users\/2"}],"replies":[{"embeddable":true,"href":"https:\/\/bossseo.net\/de\/wp-json\/wp\/v2\/comments?post=18779"}],"version-history":[{"count":0,"href":"https:\/\/bossseo.net\/de\/wp-json\/wp\/v2\/posts\/18779\/revisions"}],"wp:featuredmedia":[{"embeddable":true,"href":"https:\/\/bossseo.net\/de\/wp-json\/wp\/v2\/media\/18780"}],"wp:attachment":[{"href":"https:\/\/bossseo.net\/de\/wp-json\/wp\/v2\/media?parent=18779"}],"wp:term":[{"taxonomy":"category","embeddable":true,"href":"https:\/\/bossseo.net\/de\/wp-json\/wp\/v2\/categories?post=18779"},{"taxonomy":"post_tag","embeddable":true,"href":"https:\/\/bossseo.net\/de\/wp-json\/wp\/v2\/tags?post=18779"}],"curies":[{"name":"wp","href":"https:\/\/api.w.org\/{rel}","templated":true}]}}