
{"id":18779,"date":"2026-01-16T12:10:39","date_gmt":"2026-01-16T12:10:39","guid":{"rendered":"https:\/\/bossseo.net\/recaracteriser-le-web-pour-la-marque-strategie-histoire-et-avenir\/"},"modified":"2026-01-16T12:10:39","modified_gmt":"2026-01-16T12:10:39","slug":"recaracteriser-le-web-pour-la-marque-strategie-histoire-et-avenir","status":"publish","type":"post","link":"https:\/\/bossseo.net\/en\/recaracteriser-le-web-pour-la-marque-strategie-histoire-et-avenir\/","title":{"rendered":"Re-characterizing the Web for branding: strategy, history and future"},"content":{"rendered":"<p><\/p>\n<div itemprop=\"articleBody\">\n<p>L&rsquo;histoire de Webfor a toujours \u00e9t\u00e9 celle de surmonter les d\u00e9fis et de transformer les obstacles en opportunit\u00e9s de croissance, tant pour nous-m\u00eames que pour les clients que nous appr\u00e9cions profond\u00e9ment. Depuis 2009, nous collaborons avec des entreprises du monde entier, mais notre c\u0153ur a toujours \u00e9t\u00e9 enracin\u00e9 dans notre communaut\u00e9 locale. Qu&rsquo;il s&rsquo;agisse de guider une startup ou de faire \u00e9voluer une entreprise de 100 millions de dollars, <strong>nous avons b\u00e2ti notre r\u00e9putation en aidant les entreprises \u00e0 r\u00e9ussir \u00e0 chaque \u00e9tape de leur parcours.<\/strong><\/p>\n<h3 class=\"wp-block-heading\">Avec le recul, il est impossible de ne pas penser aux innombrables personnes qui ont fa\u00e7onn\u00e9 notre chemin\u2026 <\/h3>\n<p>Des entrepreneurs brillants, des penseurs innovants et des professionnels du marketing talentueux qui ont tous laiss\u00e9 leur marque sur notre histoire.<\/p>\n<p>Cette ann\u00e9e marque le d\u00e9but d\u2019une nouvelle \u00e8re. Un voyage qui a pris tranquillement de l\u2019ampleur dans les coulisses est maintenant pr\u00eat \u00e0 prendre son envol.<\/p>\n<figure class=\"wp-block-image size-large\"><img loading=\"lazy\" decoding=\"async\" width=\"1024\" height=\"544\"  alt=\"Webfor Ailes\" class=\"wp-image-18704 lws-optimize-lazyload\"  ><\/figure>\n<h3 class=\"wp-block-heading\">Aujourd&rsquo;hui, nous d\u00e9voilons un nouveau site et une marque rafra\u00eechie. <\/h3>\n<p>Celui qui honore notre pass\u00e9, aiguise notre esth\u00e9tique et ouvre la voie \u00e0 l\u2019avenir. Apr\u00e8s des ann\u00e9es de pr\u00e9paration, nos ailes ne se contentent pas de s&rsquo;\u00e9tendre vers l&rsquo;ext\u00e9rieur : elles se d\u00e9ploient avec puissance et d\u00e9termination. Nous sortons d\u2019une ascension constante vers le ciel ouvert, embrassant la libert\u00e9 de planer plus haut que jamais. Comme un oiseau attrapant un nouveau courant de vent, nous nous tournons vers le possible, convaincus que la force de notre histoire nous m\u00e8nera plus loin dans l\u2019avenir.<\/p>\n<p>Nous ne serions pas l\u00e0 sans la vision de nos fondateurs, Jennifer et Kevin Getch.<strong> Leur influence continue de fa\u00e7onner notre identit\u00e9, nos processus et notre culture<\/strong>. Parce qu&rsquo;au fond, les entreprises ne sont pas d\u00e9finies par des logos ou des noms : elles sont d\u00e9finies par des personnes, par des communaut\u00e9s et par les histoires qui les unissent.<\/p>\n<figure class=\"wp-block-gallery has-nested-images columns-default is-cropped wp-block-gallery-1 is-layout-flex wp-block-gallery-is-layout-flex\">\n<figure class=\"wp-block-image size-large\"><img loading=\"lazy\" decoding=\"async\" width=\"806\" height=\"1024\" data-id=\"25466\"  alt=\"\" class=\"wp-image-25466 lws-optimize-lazyload\"  ><figcaption class=\"wp-element-caption\">Propri\u00e9taire<\/figcaption><\/figure>\n<figure class=\"wp-block-image size-large\"><img loading=\"lazy\" decoding=\"async\" width=\"480\" height=\"480\" data-id=\"5823\"  alt=\"K\u00e9vin Getch\" class=\"wp-image-5823 lws-optimize-lazyload\"  ><figcaption class=\"wp-element-caption\">Directeur g\u00e9n\u00e9ral<\/figcaption><\/figure>\n<\/figure>\n<p>Nous vous invitons \u00e0 explorer, \u00e0 apprendre et \u00e0 vous connecter avec nous alors que nous d\u00e9ployons nos ailes et embrassons l&rsquo;horizon qui nous attend.<\/p>\n<p>Maintenant\u2026 passons \u00e0 l\u2019histoire\u2026<\/p>\n<h2 class=\"wp-block-heading\">La strat\u00e9gie<\/h2>\n<p>Lorsque nous avons entrepris ce changement de marque, nous ne recherchions pas le changement juste pour le plaisir. Nous voulions quelque chose d&rsquo;intemporel ; une identit\u00e9 qui refl\u00e9terait qui nous sommes, honorerait l&rsquo;endroit o\u00f9 nous sommes all\u00e9s et apporterait une nouvelle \u00e9nergie l\u00e0 o\u00f9 nous allons.<\/p>\n<p>Il ne s\u2019agissait pas d\u2019abandonner notre pass\u00e9. C&rsquo;\u00e9tait <strong>sur la transmission de l&rsquo;intention, de la cr\u00e9ativit\u00e9 et du sens \u00e0 chaque \u00e9tape de notre \u00e9volution<\/strong>et en l\u2019int\u00e9grant dans un tout plus fort et plus coh\u00e9rent.<\/p>\n<p>La derni\u00e8re actualisation, il y a plus de dix ans, a \u00e9t\u00e9 dirig\u00e9e par Wes Button, un cr\u00e9atif talentueux de la r\u00e9gion de Portland. Cette mise \u00e0 jour a \u00e9largi notre palette de couleurs, structur\u00e9 notre langage visuel et conserv\u00e9 la simplicit\u00e9 audacieuse de la lettre. <em>W<\/em>. C\u2019\u00e9tait un pas en avant significatif et c\u2019est devenu la pierre angulaire de notre marque.<\/p>\n<figure class=\"wp-block-image size-large\"><img loading=\"lazy\" decoding=\"async\" width=\"1024\" height=\"490\"  alt=\"Pr\u00e9sentations de marque Webfor\" class=\"wp-image-5059 lws-optimize-lazyload\"  ><\/figure>\n<p>Aujourd\u2019hui, dix ans plus tard, nous \u00e9tions pr\u00eats \u00e0 franchir une nouvelle \u00e9tape, une \u00e9tape qui respecterait \u00e0 la fois notre histoire et red\u00e9finirait notre avenir.<\/p>\n<p>La couleur est l&rsquo;\u00e2me d&rsquo;une marque. Il communique avant m\u00eame que les mots ne soient lus ou prononc\u00e9s.<\/p>\n<p>Lors de notre derni\u00e8re actualisation, nous savions que le violet devait revenir. La teinte nous avait autrefois distingu\u00e9s, nous apportant chaleur et distinction, mais nous nous en \u00e9tions \u00e9loign\u00e9s lors d&rsquo;un changement d&rsquo;identit\u00e9. Le ramener, c\u2019\u00e9tait comme r\u00e9cup\u00e9rer une partie de nous-m\u00eames. Un signal que nous n&rsquo;avions pas peur de nous d\u00e9marquer, d&rsquo;adoucir en cas de besoin et de faire avancer l&rsquo;\u00e9nergie et la cr\u00e9ativit\u00e9.<\/p>\n<p><strong>Le choix \u00e9tait simple. Le symbolisme, cependant, \u00e9tait tout sauf le cas.<\/strong><\/p>\n<div class=\"wp-block-columns is-layout-flex wp-container-core-columns-is-layout-9d6595d7 wp-block-columns-is-layout-flex\">\n<div class=\"wp-block-column is-layout-flow wp-block-column-is-layout-flow\">\n<figure class=\"wp-block-image size-large\"><img loading=\"lazy\" decoding=\"async\" width=\"1024\" height=\"1024\"  alt=\"\" class=\"wp-image-26158 lws-optimize-lazyload\"  ><\/figure>\n<\/div>\n<div class=\"wp-block-column is-layout-flow wp-block-column-is-layout-flow\">\n<figure class=\"wp-block-image size-large\"><img loading=\"lazy\" decoding=\"async\" width=\"1024\" height=\"1024\"  alt=\"\" class=\"wp-image-26155 lws-optimize-lazyload\"  ><\/figure>\n<\/div>\n<\/div>\n<div class=\"wp-block-columns is-layout-flex wp-container-core-columns-is-layout-9d6595d7 wp-block-columns-is-layout-flex\">\n<div class=\"wp-block-column is-layout-flow wp-block-column-is-layout-flow\">\n<figure class=\"wp-block-gallery has-nested-images columns-default is-cropped wp-block-gallery-2 is-layout-flex wp-block-gallery-is-layout-flex\">\n<figure class=\"wp-block-image size-large\"><img loading=\"lazy\" decoding=\"async\" width=\"1024\" height=\"1024\" data-id=\"26157\"  alt=\"\" class=\"wp-image-26157 lws-optimize-lazyload\"  ><\/figure>\n<figure class=\"wp-block-image size-large\"><img loading=\"lazy\" decoding=\"async\" width=\"1024\" height=\"1024\" data-id=\"26156\"  alt=\"\" class=\"wp-image-26156 lws-optimize-lazyload\"  ><\/figure>\n<\/figure>\n<\/div>\n<\/div>\n<p>L\u2019image de marque n\u2019est jamais seulement une question de design ; c&rsquo;est une question de vision. Bien que chaque voix de notre \u00e9quipe compte, nous avons compris que la voie \u00e0 suivre la plus claire n\u00e9cessitait un leadership pour consolider la vision et la porter avec conviction. Un rafra\u00eechissement de marque est important et touche tous les recoins d&rsquo;une organisation, des signatures \u00e9lectroniques aux cartes de visite en passant par l&rsquo;identit\u00e9 m\u00eame que les gens voient lorsqu&rsquo;ils pensent \u00e0 vous. Ce n&rsquo;est pas une mise \u00e0 jour au niveau de la surface. C&rsquo;est une red\u00e9finition profonde.<\/p>\n<p><strong>Et nous avons pleinement assum\u00e9 cette responsabilit\u00e9.<\/strong><\/p>\n<p>Les logos portent des histoires. Ce sont de petites marques avec un poids immense. Ce sont des raccourcis visuels vers des identit\u00e9s enti\u00e8res.<\/p>\n<p>Pour arriver \u00e0 notre nouveau cap, nous avons retrac\u00e9 chaque \u00e9tape de notre parcours. Nous avons extrait les transcriptions des sessions de planification strat\u00e9gique pr\u00e9c\u00e9dentes, revisit\u00e9 les notes de brainstorming et m\u00eame exploit\u00e9 l&rsquo;IA pour passer au crible des ann\u00e9es d&rsquo;id\u00e9es. <strong>\u00c0 partir de l\u00e0, nous avons cr\u00e9\u00e9 des principes directeurs\u00a0:<\/strong><\/p>\n<ul class=\"wp-block-list\">\n<li>Honorer le pass\u00e9<\/li>\n<li>Mettre \u00e0 jour la palette de couleurs<\/li>\n<li>Raconter une histoire \u00e0 travers le design<\/li>\n<li>Tirer parti de l\u2019espace n\u00e9gatif<\/li>\n<li>Conserver le \u00ab\u00a0W\u00a0\u00bb comme ancre<\/li>\n<li>Assurez-vous que la marque puisse rester forte par elle-m\u00eame<\/li>\n<\/ul>\n<p>\u00c0 partir de l\u00e0, notre \u00e9quipe de conception compos\u00e9e de Tricia, Wes, Alan et Jason Wright a con\u00e7u des it\u00e9rations intentionnelles. Certaines versions ont int\u00e9gr\u00e9 des \u00e9l\u00e9ments cach\u00e9s de notre pass\u00e9, comme une subtile \u00e9pingle de carte faisant \u00e9cho aux premiers logos. D\u2019autres se sont tourn\u00e9s vers l\u2019abstraction et les designs audacieux et minimalistes.<\/p>\n<h3 class=\"wp-block-heading\">Pendant des semaines, nous avons test\u00e9, d\u00e9battu et peaufin\u00e9. <\/h3>\n<p>L&rsquo;\u00e9quipe s&rsquo;est divis\u00e9e sur la direction \u00e0 suivre jusqu&rsquo;\u00e0 ce que la couleur entre dans l&rsquo;\u00e9quation. C&rsquo;est alors que la clart\u00e9 est apparue. Avec la r\u00e9introduction du violet, le design a retrouv\u00e9 toute son identit\u00e9.<\/p>\n<p>Des croquis en noir et blanc \u00e0 la marque finale polie, le processus a pris des ann\u00e9es, non pas par h\u00e9sitation, mais par <strong>parce que l&rsquo;excellence prend du temps<\/strong>. Tout comme certains des logos les plus embl\u00e9matiques du monde mijotent pendant des ann\u00e9es avant de voir le jour, le n\u00f4tre a \u00e9galement \u00e9t\u00e9 fa\u00e7onn\u00e9 de mani\u00e8re r\u00e9fl\u00e9chie.<\/p>\n<p>Cette it\u00e9ration comprenait plusieurs \u00e9l\u00e9ments \u00ab cach\u00e9s \u00bb et nous rapprochait de quelque chose de plus abstrait et visuellement distinct.<\/p>\n<figure class=\"wp-block-image size-large\"><img loading=\"lazy\" decoding=\"async\" width=\"1024\" height=\"576\"  alt=\"\" class=\"wp-image-26164 lws-optimize-lazyload\"  ><\/figure>\n<p>Une alternative incluait une \u00ab \u00e9pingle de carte \u00bb cach\u00e9e. Cette caract\u00e9risation provient d\u2019it\u00e9rations de logos r\u00e9alis\u00e9es il y a plus de 10 ans. Cette version \u00e9tait l&rsquo;alternative la plus proche aux logos du pass\u00e9.<\/p>\n<figure class=\"wp-block-image size-large\"><img loading=\"lazy\" decoding=\"async\" width=\"1024\" height=\"576\"  alt=\"\" class=\"wp-image-26165 lws-optimize-lazyload\"  ><\/figure>\n<p>Comme indiqu\u00e9 ci-dessous, nous avons explor\u00e9 des options et des r\u00e9visions suppl\u00e9mentaires sur la base des commentaires que nous avons re\u00e7us en interne.<\/p>\n<figure class=\"wp-block-image size-large\"><img loading=\"lazy\" decoding=\"async\" width=\"791\" height=\"1024\"  alt=\"\" class=\"wp-image-26166 lws-optimize-lazyload\"><\/figure>\n<p>Nous \u00e9tions partag\u00e9s entre les deux symboles. Les commentaires au sein de l&rsquo;\u00e9quipe \u00e9taient partag\u00e9s jusqu&rsquo;\u00e0 ce que nous commencions \u00e0 jouer avec les options de couleurs, que vous pouvez voir ci-dessous.<\/p>\n<div class=\"wp-block-columns is-layout-flex wp-container-core-columns-is-layout-9d6595d7 wp-block-columns-is-layout-flex\">\n<div class=\"wp-block-column is-layout-flow wp-block-column-is-layout-flow\">\n<figure class=\"wp-block-image size-large\"><img loading=\"lazy\" decoding=\"async\" width=\"791\" height=\"1024\"  alt=\"\" class=\"wp-image-26168 lws-optimize-lazyload\"><\/figure>\n<\/div>\n<div class=\"wp-block-column is-layout-flow wp-block-column-is-layout-flow\">\n<figure class=\"wp-block-image size-large\"><img loading=\"lazy\" decoding=\"async\" width=\"791\" height=\"1024\"  alt=\"\" class=\"wp-image-26167 lws-optimize-lazyload\"><\/figure>\n<\/div>\n<\/div>\n<h3 class=\"wp-block-heading\">Apr\u00e8s un vote final, nous avons eu notre logo et, avec le soutien de Wes, nous avons r\u00e9vis\u00e9, simul\u00e9 et emball\u00e9 le logo que vous voyez aujourd&rsquo;hui.<\/h3>\n<div class=\"wp-block-columns is-layout-flex wp-container-core-columns-is-layout-9d6595d7 wp-block-columns-is-layout-flex\">\n<div class=\"wp-block-column is-layout-flow wp-block-column-is-layout-flow\">\n<figure class=\"wp-block-image size-full\"><img loading=\"lazy\" decoding=\"async\" width=\"2560\" height=\"1978\"  alt=\"\" class=\"wp-image-26172 lws-optimize-lazyload\"><\/figure>\n<\/div>\n<div class=\"wp-block-column is-layout-flow wp-block-column-is-layout-flow\">\n<figure class=\"wp-block-image size-full\"><img loading=\"lazy\" decoding=\"async\" width=\"2560\" height=\"1978\"  alt=\"\" class=\"wp-image-26170 lws-optimize-lazyload\"><\/figure>\n<\/div>\n<\/div>\n<div class=\"wp-block-columns is-layout-flex wp-container-core-columns-is-layout-9d6595d7 wp-block-columns-is-layout-flex\">\n<div class=\"wp-block-column is-layout-flow wp-block-column-is-layout-flow\">\n<figure class=\"wp-block-image size-large\"><img loading=\"lazy\" decoding=\"async\" width=\"1024\" height=\"791\"  alt=\"\" class=\"wp-image-26171 lws-optimize-lazyload\"  ><\/figure>\n<\/div>\n<div class=\"wp-block-column is-layout-flow wp-block-column-is-layout-flow\">\n<figure class=\"wp-block-image size-large\"><img loading=\"lazy\" decoding=\"async\" width=\"1024\" height=\"791\"  alt=\"\" class=\"wp-image-26169 lws-optimize-lazyload\"  ><\/figure>\n<\/div>\n<\/div>\n<p>Le processus de logo \u00e0 lui seul a n\u00e9cessit\u00e9 plusieurs ann\u00e9es d\u2019efforts. M\u00eame si nous n&rsquo;avons pas \u00e9t\u00e9 constamment concentr\u00e9s sur la cr\u00e9ation de cette image de marque mise \u00e0 jour, il est essentiel de savoir que les bonnes choses prennent du temps et que certaines des marques les plus c\u00e9l\u00e8bres au monde ont \u00e9t\u00e9 imagin\u00e9es pendant des ann\u00e9es avant qu&rsquo;un crayon ne touche le papier.<\/p>\n<p>Avec des couleurs d\u00e9finies et un logo termin\u00e9, il \u00e9tait temps de cr\u00e9er le site Web.<\/p>\n<p>Une fois le logo et les couleurs en place, nous nous sommes tourn\u00e9s vers notre maison num\u00e9rique, le site Web.<\/p>\n<p>Ce que vous voyez aujourd&rsquo;hui est le produit d&rsquo;un effort collectif\u00a0: deux r\u00e9dacteurs de contenu, trois concepteurs, un d\u00e9veloppeur senior, un strat\u00e8ge, un chef de projet et un tacticien SEO hautement qualifi\u00e9.<strong> Ensemble, cette \u00e9quipe a transform\u00e9 la vision en r\u00e9alit\u00e9.<\/strong><\/p>\n<p>Plus de 50 pages de contenu ont \u00e9t\u00e9 r\u00e9invent\u00e9es. La navigation a \u00e9t\u00e9 rationalis\u00e9e pour r\u00e9pondre aux attentes modernes. Des mises en page personnalis\u00e9es ont \u00e9t\u00e9 cr\u00e9\u00e9es pour mettre en valeur nos services, mettre en valeur notre cr\u00e9ativit\u00e9 et offrir une exp\u00e9rience intuitive aux visiteurs.<\/p>\n<p>Voici quelques-unes des mises en page personnalis\u00e9es que nous avons con\u00e7ues\u2026<\/p>\n<div class=\"wp-block-columns is-layout-flex wp-container-core-columns-is-layout-9d6595d7 wp-block-columns-is-layout-flex\">\n<div class=\"wp-block-column is-layout-flow wp-block-column-is-layout-flow\">\n<figure class=\"wp-block-image size-large\"><img loading=\"lazy\" decoding=\"async\" width=\"238\" height=\"1024\"  alt=\"\" class=\"wp-image-26175 lws-optimize-lazyload\"  ><\/figure>\n<\/div>\n<div class=\"wp-block-column is-layout-flow wp-block-column-is-layout-flow\">\n<figure class=\"wp-block-image size-large\"><img loading=\"lazy\" decoding=\"async\" width=\"293\" height=\"1024\"  alt=\"\" class=\"wp-image-26176 lws-optimize-lazyload\"  ><\/figure>\n<\/div>\n<\/div>\n<p>Le site refl\u00e8te non seulement qui nous sommes, mais aussi notre fa\u00e7on de travailler : innovant, collaboratif et engag\u00e9 tant dans la forme que dans la fonction. Et ce n&rsquo;est que le d\u00e9but. Au fil du temps, nous continuerons \u00e0 affiner, ajouter et optimiser, en veillant \u00e0 ce que le site grandisse \u00e0 nos c\u00f4t\u00e9s.<\/p>\n<p>Ce voyage a \u00e9t\u00e9 long, r\u00e9fl\u00e9chi et profond\u00e9ment enrichissant. Ce qui a commenc\u00e9 comme une id\u00e9e est devenu une requalification compl\u00e8te de qui nous sommes. Une identit\u00e9 qui \u00e9quilibre h\u00e9ritage et \u00e9volution, cr\u00e9ativit\u00e9 et clart\u00e9 et vision et ex\u00e9cution.<\/p>\n<p>Alors que nous envisageons la prochaine d\u00e9cennie, nous gardons avec nous les le\u00e7ons du pass\u00e9, l\u2019\u00e9lan du pr\u00e9sent et le potentiel illimit\u00e9 de l\u2019avenir.<\/p>\n<h3 class=\"wp-block-heading\">Nos ailes ne se contentent plus de se d\u00e9ployer ; ils nous \u00e9l\u00e8vent vers de nouveaux sommets. <\/h3>\n<p>Et \u00e0 mesure que nous progressons, nous restons ancr\u00e9s dans ce qui compte le plus : obtenir des r\u00e9sultats significatifs, soutenir nos clients et renforcer les communaut\u00e9s que nous servons.<\/p>\n<p>Nous vous invitons \u00e0 nous rejoindre dans ce voyage. <strong>L\u2019histoire de Webfor a toujours \u00e9t\u00e9 bien plus que nous.<\/strong> Il s&rsquo;agit des personnes que nous servons, des id\u00e9es que nous donnons vie et de la conviction commune que de grandes choses sont toujours possibles.<\/p>\n<figure class=\"wp-block-image size-large\"><img loading=\"lazy\" decoding=\"async\" width=\"1024\" height=\"683\"  alt=\"\" class=\"wp-image-26190 lws-optimize-lazyload\"  ><\/figure>\n<p>Merci d&rsquo;avoir pris le temps d&rsquo;en apprendre davantage sur notre mission continue d&rsquo;\u00e9volution.<\/p>\n<div class=\"_author-byline\">\n<div class=\"author-byline__avatar\">\n              <img loading=\"lazy\" alt=\"Jason Wright\"  class=\"avatar avatar-120 photo lws-optimize-lazyload\" width=\"120\" height=\"120\" decoding=\"async\">\n          <\/div>\n<div class=\"author-byline__content\">\n<div class=\"author-byline__bio\">\n<p class=\"-small\">Je m&rsquo;appelle Jason Wright et je suis pr\u00e9sident et directeur cr\u00e9atif chez Webfor. Ma carri\u00e8re a d\u00e9but\u00e9 en 2006 et, au cours de ma carri\u00e8re dans l&rsquo;industrie, j&rsquo;ai travaill\u00e9 avec certains des plus grands esprits et entreprises du monde, notamment&#8230;<\/p>\n<\/p><\/div>\n<\/p><\/div>\n<\/p><\/div>\n<\/p><\/div>\n<p><script>\n!function(f,b,e,v,n,t,s)\n{if(f.fbq)return;n=f.fbq=function(){n.callMethod?\nn.callMethod.apply(n,arguments):n.queue.push(arguments)};\nif(!f._fbq)f._fbq=n;n.push=n;n.loaded=!0;n.version='2.0';\nn.queue=();t=b.createElement(e);t.async=!0;\nt.src=v;s=b.getElementsByTagName(e)(0);\ns.parentNode.insertBefore(t,s)}(window, document,'script',\n'https:\/\/connect.facebook.net\/en_US\/fbevents.js');\nfbq('init', '462423407252824');\nfbq('track', 'PageView');\n<\/script><script>\nwindow.fbAsyncInit = function() {\nFB.init({\nxfbml : true,\nversion : 'v3.2'\n});\n};\n(function(d, s, id) {\nvar js, fjs = d.getElementsByTagName(s)(0);\nif (d.getElementById(id)) return;\njs = d.createElement(s); js.id = id;\njs.src=\"https:\/\/connect.facebook.net\/en_US\/sdk\/xfbml.customerchat.js\";\njs.defer = true;\nfjs.parentNode.insertBefore(js, fjs);\n}(document, 'script', 'facebook-jssdk'));<\/script><\/p>","protected":false},"excerpt":{"rendered":"<p>L&rsquo;histoire de Webfor a toujours \u00e9t\u00e9 celle de surmonter les d\u00e9fis et de transformer les obstacles en opportunit\u00e9s de croissance, tant pour nous-m\u00eames que pour les clients que nous appr\u00e9cions profond\u00e9ment. Depuis 2009, nous collaborons avec des entreprises du monde entier, mais notre c\u0153ur a toujours \u00e9t\u00e9 enracin\u00e9 dans notre communaut\u00e9 locale. Qu&rsquo;il s&rsquo;agisse de [&hellip;]<\/p>","protected":false},"author":2,"featured_media":18780,"comment_status":"open","ping_status":"open","sticky":false,"template":"","format":"standard","meta":{"_acf_changed":false,"footnotes":""},"categories":[2],"tags":[],"class_list":["post-18779","post","type-post","status-publish","format-standard","has-post-thumbnail","hentry","category-agency"],"acf":[],"_links":{"self":[{"href":"https:\/\/bossseo.net\/en\/wp-json\/wp\/v2\/posts\/18779","targetHints":{"allow":["GET"]}}],"collection":[{"href":"https:\/\/bossseo.net\/en\/wp-json\/wp\/v2\/posts"}],"about":[{"href":"https:\/\/bossseo.net\/en\/wp-json\/wp\/v2\/types\/post"}],"author":[{"embeddable":true,"href":"https:\/\/bossseo.net\/en\/wp-json\/wp\/v2\/users\/2"}],"replies":[{"embeddable":true,"href":"https:\/\/bossseo.net\/en\/wp-json\/wp\/v2\/comments?post=18779"}],"version-history":[{"count":0,"href":"https:\/\/bossseo.net\/en\/wp-json\/wp\/v2\/posts\/18779\/revisions"}],"wp:featuredmedia":[{"embeddable":true,"href":"https:\/\/bossseo.net\/en\/wp-json\/wp\/v2\/media\/18780"}],"wp:attachment":[{"href":"https:\/\/bossseo.net\/en\/wp-json\/wp\/v2\/media?parent=18779"}],"wp:term":[{"taxonomy":"category","embeddable":true,"href":"https:\/\/bossseo.net\/en\/wp-json\/wp\/v2\/categories?post=18779"},{"taxonomy":"post_tag","embeddable":true,"href":"https:\/\/bossseo.net\/en\/wp-json\/wp\/v2\/tags?post=18779"}],"curies":[{"name":"wp","href":"https:\/\/api.w.org\/{rel}","templated":true}]}}